{"id":394,"date":"2023-10-26T11:23:37","date_gmt":"2023-10-26T11:23:37","guid":{"rendered":"https:\/\/erasmusplus.iespablopicasso.es\/?p=394"},"modified":"2023-10-26T11:23:38","modified_gmt":"2023-10-26T11:23:38","slug":"erasmus-days-2023","status":"publish","type":"post","link":"https:\/\/erasmusplus.iespablopicasso.es\/index.php\/2023\/10\/26\/erasmus-days-2023\/","title":{"rendered":"Erasmus Days 2023"},"content":{"rendered":"\n<p>La semana del 9 al 14 de octubre de 2023 se celebr\u00f3 la s\u00e9ptima edici\u00f3n de los Erasmus Days, una oportunidad para compartir y celebrar la diversidad europea. Fueron seis d\u00edas de celebraci\u00f3n del programa Erasmus+. Una oportunidad \u00fanica para organizar un evento, compartir nuestras experiencias y difundir nuestros proyectos.<\/p>\n\n\n\n<p><\/p>\n\n\n\n<p>En el IES Pablo Picasso aprovechamos dicho acontecimiento para pedir a nuestro alumnado participante en el programa que preparara una presentaci\u00f3n sobre uno de los pa\u00edses con los que hemos trabajado a lo largo de estos a\u00f1os o con los que les gustar\u00eda colaborar en el futuro. Aqu\u00ed os compartimos algunos v\u00eddeos y presentaciones.<\/p>\n\n\n\n<div style=\"position: relative; width: 100%; height: 0; padding-top: 56.2500%;\n padding-bottom: 0; box-shadow: 0 2px 8px 0 rgba(63,69,81,0.16); margin-top: 1.6em; margin-bottom: 0.9em; overflow: hidden;\n border-radius: 8px; will-change: transform;\">\n  <iframe loading=\"lazy\" style=\"position: absolute; width: 100%; height: 100%; top: 0; left: 0; border: none; padding: 0;margin: 0;\"\n    src=\"https:&#x2F;&#x2F;www.canva.com&#x2F;design&#x2F;DAFw-TNkuUI&#x2F;view?embed\" allowfullscreen=\"allowfullscreen\" allow=\"fullscreen\">\n  <\/iframe>\n<\/div>\n<a href=\"https:&#x2F;&#x2F;www.canva.com&#x2F;design&#x2F;DAFw-TNkuUI&#x2F;view?utm_content=DAFw-TNkuUI&amp;utm_campaign=designshare&amp;utm_medium=embeds&amp;utm_source=link\" target=\"_blank\" rel=\"noopener\">ERASMUS DAYS<\/a> de Esperanza Ya De Haro Castro\n\n\n\n<iframe src=\"https:\/\/drive.google.com\/file\/d\/1VCAG5FdhB8VTLnSiwybKEnMuU63VvTSA\/preview\" width=\"640\" height=\"480\" allow=\"autoplay\"><\/iframe>\n\n\n\n<iframe src=\"https:\/\/drive.google.com\/file\/d\/1frVcZowoFS2psNnro0DXh1yE4Uf4ygwh\/preview\" width=\"640\" height=\"480\" allow=\"autoplay\"><\/iframe>\n\n\n\n<p><\/p>\n","protected":false},"excerpt":{"rendered":"<p>La semana del 9 al 14 de octubre de 2023 se celebr\u00f3 la s\u00e9ptima edici\u00f3n de los Erasmus Days, una oportunidad para compartir y celebrar la diversidad europea. Fueron seis d\u00edas de celebraci\u00f3n del programa Erasmus+. Una oportunidad \u00fanica para organizar un evento, compartir nuestras experiencias y difundir nuestros proyectos. En el IES Pablo Picasso [&hellip;]<\/p>\n","protected":false},"author":1,"featured_media":0,"comment_status":"open","ping_status":"open","sticky":false,"template":"","format":"standard","meta":{"om_disable_all_campaigns":false,"_monsterinsights_skip_tracking":false,"_monsterinsights_sitenote_active":false,"_monsterinsights_sitenote_note":"","_monsterinsights_sitenote_category":0,"footnotes":""},"categories":[1],"tags":[],"class_list":["post-394","post","type-post","status-publish","format-standard","hentry","category-sin-categoria"],"aioseo_notices":[],"_links":{"self":[{"href":"https:\/\/erasmusplus.iespablopicasso.es\/index.php\/wp-json\/wp\/v2\/posts\/394","targetHints":{"allow":["GET"]}}],"collection":[{"href":"https:\/\/erasmusplus.iespablopicasso.es\/index.php\/wp-json\/wp\/v2\/posts"}],"about":[{"href":"https:\/\/erasmusplus.iespablopicasso.es\/index.php\/wp-json\/wp\/v2\/types\/post"}],"author":[{"embeddable":true,"href":"https:\/\/erasmusplus.iespablopicasso.es\/index.php\/wp-json\/wp\/v2\/users\/1"}],"replies":[{"embeddable":true,"href":"https:\/\/erasmusplus.iespablopicasso.es\/index.php\/wp-json\/wp\/v2\/comments?post=394"}],"version-history":[{"count":4,"href":"https:\/\/erasmusplus.iespablopicasso.es\/index.php\/wp-json\/wp\/v2\/posts\/394\/revisions"}],"predecessor-version":[{"id":398,"href":"https:\/\/erasmusplus.iespablopicasso.es\/index.php\/wp-json\/wp\/v2\/posts\/394\/revisions\/398"}],"wp:attachment":[{"href":"https:\/\/erasmusplus.iespablopicasso.es\/index.php\/wp-json\/wp\/v2\/media?parent=394"}],"wp:term":[{"taxonomy":"category","embeddable":true,"href":"https:\/\/erasmusplus.iespablopicasso.es\/index.php\/wp-json\/wp\/v2\/categories?post=394"},{"taxonomy":"post_tag","embeddable":true,"href":"https:\/\/erasmusplus.iespablopicasso.es\/index.php\/wp-json\/wp\/v2\/tags?post=394"}],"curies":[{"name":"wp","href":"https:\/\/api.w.org\/{rel}","templated":true}]}}